{"id":6181,"date":"2025-10-01T07:29:45","date_gmt":"2025-10-01T05:29:45","guid":{"rendered":"https:\/\/www.ehc.eu\/non-classifiee\/ehc-lance-un-nouveau-projet-sur-le-vieillissement-avec-un-trouble-de-la-coagulation-a-loccasion-de-la-journee-mondiale-de-la-geriatrie\/"},"modified":"2026-04-02T16:31:59","modified_gmt":"2026-04-02T14:31:59","slug":"ehc-lance-un-nouveau-projet-sur-le-vieillissement-avec-un-trouble-de-la-coagulation-a-loccasion-de-la-journee-mondiale-de-la-geriatrie","status":"publish","type":"post","link":"https:\/\/www.ehc.eu\/fr\/nouvelles\/ehc-lance-un-nouveau-projet-sur-le-vieillissement-avec-un-trouble-de-la-coagulation-a-loccasion-de-la-journee-mondiale-de-la-geriatrie\/","title":{"rendered":"EHC lance un nouveau projet sur le vieillissement avec un trouble de la coagulation \u00e0 l\u2019occasion de la Journ\u00e9e mondiale de la g\u00e9riatrie"},"content":{"rendered":"<!-- hero -->\t<section   class=\"subpage-hero bg-white\">\n\t\t<div class=\"container\">\n\t\t\t<div class=\"relative z-10\">\n\t\t\t\t<div class=\"pt-16 lg:pt-24 pb-24 lg:pb-32\">\n\t\t\t\t\t<div class=\"row justify-between gap-10 lg:gap-0 mt-10 text-center lg:text-left\">\n\t\t\t\t\t\t<div class=\"w-full lg:w-6\/12 lg:self-center\">\n\t\t\t\t\t\t\t\t\t\t\t\t\t\t\t<div class=\"title h2\" data-scroll data-fade-up>\n\t\t\t\t\t\t\t\t\t<p class=\"text-[115%]\">EHC lance un nouveau projet sur le vieillissement avec un trouble de la coagulation \u00e0 l\u2019occasion de la Journ\u00e9e mondiale de la g\u00e9riatrie<\/p>\n\t\t\t\t\t\t\t\t<\/div>\n\t\t\t\t\t\t\t\t\t\t\t\t\t\t\t\t\t\t\t\t<\/div>\n\t\t\t\t\t\t\t\t\t\t\t<\/div>\n\t\t\t\t<\/div>\n\t\t\t<\/div>\n\t\t<\/div>\n\t\t\t\t\t\t\t\t\t<figure class=\"absolute size-[41.8rem] lg:size-[82.8rem] bottom-[-10%] right-[-10rem] lg:right-[-5%] image-contain opacity-100 skip-lazy\" data-parallax>\n\t\t\t\t\t<img decoding=\"async\" loading=\"eager\" src=\"https:\/\/etngbd86n6b.exactdn.com\/wp-content\/themes\/cbd\/img\/content-logo-colorfull-2.svg\" alt=\"content-logo-colorfull\">\n\t\t\t\t<\/figure>\n\t\t\t\t\t\t<\/section>\n<!-- overview -->\t<section   class=\"s-overlay-img s-padding bg-red\">\n\t\t<div class=\"container\">\n\t\t\t<div class=\"row w-full lg:flex-row justify-between text-center lg:text-left gap-14 lg:gap-0 relative z-10\">\n\t\t\t\t\t\t\t\t<div class=\"w-full lg:py-10\">\n\t\t\t\t\t<div class=\"bg-white min-h-full py-12 px-10 lg:py-24 lg:pl-24 xl:pl-44 relative radius-20 z-10\">\n\t\t\t\t\t\t\t\t\t\t\t\t\t\t\t\t\t\t\t\t\t\t\t\t\t<div class=\"content mt-8\" data-scroll data-fade-up>\n\t\t\t\t\t\t\t\t<p>L\u2019EHC lance aujourd\u2019hui son <strong>projet r\u00e9volutionnaire Vivre bien, vieillir bien<\/strong>, qui aborde un changement crucial dans la communaut\u00e9 des troubles de la coagulation, alors que les personnes atteintes de ces affections vivent plus longtemps que jamais. Reconnaissant que le bon vieillissement est devenu un axe essentiel de leur travail, l\u2019EHC c\u00e9l\u00e8bre la <strong>Journ\u00e9e mondiale de la g\u00e9riatrie 2025<\/strong> avec cette initiative opportune, r\u00e9unissant des experts, patients et aidants de premier plan pour explorer comment les individus peuvent mener une vie saine, active et \u00e9panouie \u00e0 chaque \u00e9tape du vieillissement. <\/p>\n<p><!-- \/wp:paragraph --> <!-- wp:paragraph --><\/p>\n<p>Ce projet complet <strong>d\u2019un an (2025-2026)<\/strong> proposera du contenu \u00e0 travers des webinaires avec des conversations d\u2019experts en direct, des conf\u00e9rences virtuelles dans un caf\u00e9 avec des discussions pr\u00e9enregistr\u00e9es avec des professionnels de sant\u00e9, et des podcasts entre pairs pionniers o\u00f9 les patients partagent leurs exp\u00e9riences. Chaque format aborde des sujets essentiels tels que la nutrition, la mobilit\u00e9, la pr\u00e9vention de la fragilit\u00e9, le bien-\u00eatre mental et les exp\u00e9riences v\u00e9cues des personnes \u00e2g\u00e9es atteintes de troubles de la coagulation, avec un contenu mensuel destin\u00e9 \u00e0 donner aux individus les moyens de jouer un r\u00f4le actif dans leur sant\u00e9. <\/p>\n<p><!-- \/wp:paragraph --> <!-- wp:paragraph --><\/p>\n<p>Le projet propose une<strong> programmation internationale d\u2019intervenants multidisciplinaires<\/strong> , comprenant des g\u00e9riatres, h\u00e9matologues, kin\u00e9sith\u00e9rapeutes, ergoth\u00e9rapeutes, psychologues, sp\u00e9cialistes de la douleur et d\u00e9fenseurs des patients venus de toute l\u2019Europe et au-del\u00e0. Le programme annuel comprend des dates cl\u00e9s telles que la Journ\u00e9e mondiale de l\u2019h\u00e9mophilie (17 avril 2026) et se conclut par une table ronde EHC en pr\u00e9sentiel sur les probl\u00e8mes cardiovasculaires dans les troubles h\u00e9morragiques \u00e0 Bruxelles, en Belgique. <\/p>\n<p><!-- \/wp:paragraph --> <!-- wp:paragraph --><\/p>\n<p>L\u2019EHC souligne que cette initiative va au-del\u00e0 du partage traditionnel des connaissances pour favoriser une communaut\u00e9 solidaire o\u00f9 les membres peuvent apprendre les uns des autres, \u00e9changer des exp\u00e9riences et influencer activement les discussions sur le vieillissement au sein de la communaut\u00e9 des troubles de la coagulation. Les membres de la communaut\u00e9 peuvent participer via la <strong>bo\u00eete \u00e0 questions en ligne de l\u2019EHC<\/strong>, o\u00f9 les individus peuvent partager anonymement des questions, des pr\u00e9occupations et des histoires sur le vieillissement avec des troubles de la coagulation. <\/p>\n<p><!-- \/wp:paragraph --> <!-- wp:paragraph --><\/p>\n<p><strong><a href=\"https:\/\/community.ehc.eu\/living-well-ageing-well\/\" target=\"_blank\" rel=\"noopener\">Pour plus d\u2019informations sur le programme des programmes, les intervenants et les informations d\u2019inscription, visitez notre site communautaire !<\/a><\/strong><\/p>\n<p><!-- \/wp:paragraph --> <!-- wp:separator --><\/p>\n<p><em>Le projet Living Well, Ageing Well est d\u00e9velopp\u00e9 de mani\u00e8re ind\u00e9pendante par l\u2019EHC \u00e0 des fins informatives et \u00e9ducatives, contribuant \u00e0 red\u00e9finir ce que signifie vieillir au sein de la communaut\u00e9 des troubles de la coagulation.<\/em><\/p>\n<p><!-- \/wp:paragraph --><\/p>\n\t\t\t\t\t\t\t<\/div>\n\t\t\t\t\t\t\t\t\t\t\t\t\t\t\t\t\t\t\t<div class=\"bottom mt-12\" data-scroll data-fade-up>\n\t\t\t\t\t\t\t\t<a href=\"https:\/\/community.ehc.eu\/living-well-ageing-well\/\" target=\"_blank\" class=\"btn with-icon\">\n\t\t\t\t\t\t\t\t\t<span>Find more information on the EHC Community website<\/span>\n\t\t\t\t\t\t\t\t<\/a>\n\t\t\t\t\t\t\t<\/div>\n\t\t\t\t\t\t\t\t\t\t\t<\/div>\n\t\t\t\t<\/div>\n\t\t\t<\/div>\n\t\t<\/div>\n\t<\/section>\n\n<figure class=\"wp-block-embed is-type-video is-provider-youtube wp-block-embed-youtube wp-embed-aspect-16-9 wp-has-aspect-ratio\"><div class=\"wp-block-embed__wrapper\">\n<div class=\"jetpack-video-wrapper\"><iframe loading=\"lazy\" title=\"Ageing with a bleeding disorder: a new chapter\" width=\"500\" height=\"281\" src=\"https:\/\/www.youtube.com\/embed\/0PzyIUpGvWk?feature=oembed\" frameborder=\"0\" allow=\"accelerometer; autoplay; clipboard-write; encrypted-media; gyroscope; picture-in-picture; web-share\" referrerpolicy=\"strict-origin-when-cross-origin\" allowfullscreen><\/iframe><\/div>\n<\/div><\/figure>\n","protected":false},"excerpt":{"rendered":"<p>L\u2019EHC c\u00e9l\u00e8bre la Journ\u00e9e mondiale de la g\u00e9riatrie 2025 avec le lancement de \u00ab Vivre bien, bien vieillir \u00bb, un nouveau projet complet d\u2019un an qui traite de tous les aspects du vieillissement avec un trouble de la coagulation. Cette initiative opportune r\u00e9unit des experts, des patients et des aidants de premier plan. <\/p>\n","protected":false},"author":4,"featured_media":4899,"comment_status":"closed","ping_status":"closed","sticky":false,"template":"","format":"standard","meta":{"_acf_changed":false,"_jetpack_memberships_contains_paid_content":false,"footnotes":""},"categories":[64,108],"tags":[223,222,225,224],"class_list":["post-6181","post","type-post","status-publish","format-standard","has-post-thumbnail","hentry","category-nouvelles","category-sensibilisation","tag-223","tag-journee-mondiale-de-la-geriatrie","tag-projet","tag-vieillissement"],"acf":[],"jetpack_featured_media_url":"https:\/\/etngbd86n6b.exactdn.com\/wp-content\/uploads\/2025\/09\/Launch-Blog-Banner.jpg?strip=all&sharp=1","jetpack_sharing_enabled":true,"_links":{"self":[{"href":"https:\/\/www.ehc.eu\/fr\/wp-json\/wp\/v2\/posts\/6181","targetHints":{"allow":["GET"]}}],"collection":[{"href":"https:\/\/www.ehc.eu\/fr\/wp-json\/wp\/v2\/posts"}],"about":[{"href":"https:\/\/www.ehc.eu\/fr\/wp-json\/wp\/v2\/types\/post"}],"author":[{"embeddable":true,"href":"https:\/\/www.ehc.eu\/fr\/wp-json\/wp\/v2\/users\/4"}],"replies":[{"embeddable":true,"href":"https:\/\/www.ehc.eu\/fr\/wp-json\/wp\/v2\/comments?post=6181"}],"version-history":[{"count":1,"href":"https:\/\/www.ehc.eu\/fr\/wp-json\/wp\/v2\/posts\/6181\/revisions"}],"predecessor-version":[{"id":6185,"href":"https:\/\/www.ehc.eu\/fr\/wp-json\/wp\/v2\/posts\/6181\/revisions\/6185"}],"wp:featuredmedia":[{"embeddable":true,"href":"https:\/\/www.ehc.eu\/fr\/wp-json\/wp\/v2\/media\/4899"}],"wp:attachment":[{"href":"https:\/\/www.ehc.eu\/fr\/wp-json\/wp\/v2\/media?parent=6181"}],"wp:term":[{"taxonomy":"category","embeddable":true,"href":"https:\/\/www.ehc.eu\/fr\/wp-json\/wp\/v2\/categories?post=6181"},{"taxonomy":"post_tag","embeddable":true,"href":"https:\/\/www.ehc.eu\/fr\/wp-json\/wp\/v2\/tags?post=6181"}],"curies":[{"name":"wp","href":"https:\/\/api.w.org\/{rel}","templated":true}]}}