{"id":6186,"date":"2025-10-01T07:29:45","date_gmt":"2025-10-01T05:29:45","guid":{"rendered":"https:\/\/www.ehc.eu\/uncategorized-hr\/ehc-pokrece-novi-projekt-o-starenju-s-poremecajem-zgrusavanja-na-svjetski-dan-gerijatrije\/"},"modified":"2026-04-02T16:31:59","modified_gmt":"2026-04-02T14:31:59","slug":"ehc-pokrece-novi-projekt-o-starenju-s-poremecajem-zgrusavanja-na-svjetski-dan-gerijatrije","status":"publish","type":"post","link":"https:\/\/www.ehc.eu\/hr\/uncategorized-hr\/ehc-pokrece-novi-projekt-o-starenju-s-poremecajem-zgrusavanja-na-svjetski-dan-gerijatrije\/","title":{"rendered":"EHC pokre\u0107e novi projekt o starenju s poreme\u0107ajem zgru\u0161avanja na Svjetski dan gerijatrije"},"content":{"rendered":"<!-- hero -->\t<section   class=\"subpage-hero bg-white\">\n\t\t<div class=\"container\">\n\t\t\t<div class=\"relative z-10\">\n\t\t\t\t<div class=\"pt-16 lg:pt-24 pb-24 lg:pb-32\">\n\t\t\t\t\t<div class=\"row justify-between gap-10 lg:gap-0 mt-10 text-center lg:text-left\">\n\t\t\t\t\t\t<div class=\"w-full lg:w-6\/12 lg:self-center\">\n\t\t\t\t\t\t\t\t\t\t\t\t\t\t\t<div class=\"title h2\" data-scroll data-fade-up>\n\t\t\t\t\t\t\t\t\t<p class=\"text-[115%]\">EHC pokre\u0107e novi projekt o starenju s poreme\u0107ajem zgru\u0161avanja na Svjetski dan gerijatrije<\/p>\n\t\t\t\t\t\t\t\t<\/div>\n\t\t\t\t\t\t\t\t\t\t\t\t\t\t\t\t\t\t\t\t<\/div>\n\t\t\t\t\t\t\t\t\t\t\t<\/div>\n\t\t\t\t<\/div>\n\t\t\t<\/div>\n\t\t<\/div>\n\t\t\t\t\t\t\t\t\t<figure class=\"absolute size-[41.8rem] lg:size-[82.8rem] bottom-[-10%] right-[-10rem] lg:right-[-5%] image-contain opacity-100 skip-lazy\" data-parallax>\n\t\t\t\t\t<img decoding=\"async\" loading=\"eager\" src=\"https:\/\/etngbd86n6b.exactdn.com\/wp-content\/themes\/cbd\/img\/content-logo-colorfull-2.svg\" alt=\"content-logo-colorfull\">\n\t\t\t\t<\/figure>\n\t\t\t\t\t\t<\/section>\n<!-- overview -->\t<section   class=\"s-overlay-img s-padding bg-red\">\n\t\t<div class=\"container\">\n\t\t\t<div class=\"row w-full lg:flex-row justify-between text-center lg:text-left gap-14 lg:gap-0 relative z-10\">\n\t\t\t\t\t\t\t\t<div class=\"w-full lg:py-10\">\n\t\t\t\t\t<div class=\"bg-white min-h-full py-12 px-10 lg:py-24 lg:pl-24 xl:pl-44 relative radius-20 z-10\">\n\t\t\t\t\t\t\t\t\t\t\t\t\t\t\t\t\t\t\t\t\t\t\t\t\t<div class=\"content mt-8\" data-scroll data-fade-up>\n\t\t\t\t\t\t\t\t<p>EHC danas pokre\u0107e <strong>svoj revolucionarni projekt \u017divjeti dobro, stariti dobro,<\/strong> koji se bavi klju\u010dnom promjenom u zajednici osoba s poreme\u0107ajima zgru\u0161avanja jer osobe s ovim stanjima \u017eive dulje nego ikad prije. Prepoznaju\u0107i da je dobro starenje postalo klju\u010dni fokus njihovog rada, EHC obilje\u017eava <strong>Svjetski dan gerijatrije 2025<\/strong> . ovom pravovremenom inicijativom, okupljaju\u0107i vode\u0107e stru\u010dnjake, pacijente i njegovatelje kako bi istra\u017eili kako pojedinci mogu odr\u017eavati zdrav, aktivan i ispunjen \u017eivot u svakoj fazi starenja. <\/p>\n<p><!-- \/wp:paragraph --> <!-- wp:paragraph --><\/p>\n<p><strong>Sveobuhvatni jednogodi\u0161nji projekt (2025.-2026.)<\/strong> pru\u017eit \u0107e sadr\u017eaj kroz webinare s \u017eivim stru\u010dnim razgovorima, virtualne razgovore u kafi\u0107u s unaprijed snimljenim razgovorima sa zdravstvenim djelatnicima te pionirske podcaste u kojima pacijenti dijele iskustva. Svaki format obra\u0111uje klju\u010dne teme uklju\u010duju\u0107i prehranu, pokretljivost, prevenciju slabosti, mentalnu dobrobit i \u017eivotna iskustva starijih osoba s poreme\u0107ajima zgru\u0161avanja, s mjese\u010dnim sadr\u017eajem osmi\u0161ljenim da osna\u017ei pojedince da aktivno sudjeluju u svom zdravlju. <\/p>\n<p><!-- \/wp:paragraph --> <!-- wp:paragraph --><\/p>\n<p>Projekt okuplja me\u0111unarodne<strong> multidisciplinarne predava\u010de<\/strong> , uklju\u010duju\u0107i gerijatre, hematologe, fizioterapeute, radne terapeute, psihologe, specijaliste za bol i zagovornike pacijenata iz cijele Europe i \u0161ire. Cjelogodi\u0161nji raspored uklju\u010duje klju\u010dne datume poput Svjetskog dana hemofilije (17. travnja 2026.) i zavr\u0161ava osobnim okruglim stolom EHC-a o kardiovaskularnim pitanjima kod poreme\u0107aja zgru\u0161avanja u Bruxellesu, Belgija. <\/p>\n<p><!-- \/wp:paragraph --> <!-- wp:paragraph --><\/p>\n<p>EHC nagla\u0161ava da ova inicijativa nadilazi tradicionalno dijeljenje znanja i poti\u010de podr\u017eavaju\u0107u zajednicu u kojoj \u010dlanovi mogu u\u010diti jedni od drugih, razmjenjivati iskustva i aktivno oblikovati rasprave o starenju unutar zajednice osoba s poreme\u0107ajima zgru\u0161avanja. \u010clanovi zajednice mogu sudjelovati putem <strong>EHC Online Question Boxa<\/strong>, gdje pojedinci mogu anonimno dijeliti pitanja, brige i pri\u010de o starenju s poreme\u0107ajima zgru\u0161avanja. <\/p>\n<p><!-- \/wp:paragraph --> <!-- wp:paragraph --><\/p>\n<p><strong><a href=\"https:\/\/community.ehc.eu\/living-well-ageing-well\/\" target=\"_blank\" rel=\"noopener\">Za vi\u0161e informacija o rasporedu programa, predava\u010dima i detaljima o prijavama, posjetite na\u0161u web stranicu zajednice!<\/a><\/strong><\/p>\n<p><!-- \/wp:paragraph --> <!-- wp:separator --><\/p>\n<p><em>Projekt \u017divjeti dobro, stariti dobro razvijen je neovisno od strane EHC-a u informativne i obrazovne svrhe, poma\u017eu\u0107i redefinirati \u0161to zna\u010di stariti unutar zajednice osoba s poreme\u0107ajima zgru\u0161avanja.<\/em><\/p>\n<p><!-- \/wp:paragraph --><\/p>\n\t\t\t\t\t\t\t<\/div>\n\t\t\t\t\t\t\t\t\t\t\t\t\t\t\t\t\t\t\t<div class=\"bottom mt-12\" data-scroll data-fade-up>\n\t\t\t\t\t\t\t\t<a href=\"https:\/\/community.ehc.eu\/living-well-ageing-well\/\" target=\"_blank\" class=\"btn with-icon\">\n\t\t\t\t\t\t\t\t\t<span>Find more information on the EHC Community website<\/span>\n\t\t\t\t\t\t\t\t<\/a>\n\t\t\t\t\t\t\t<\/div>\n\t\t\t\t\t\t\t\t\t\t\t<\/div>\n\t\t\t\t<\/div>\n\t\t\t<\/div>\n\t\t<\/div>\n\t<\/section>\n\n<figure class=\"wp-block-embed is-type-video is-provider-youtube wp-block-embed-youtube wp-embed-aspect-16-9 wp-has-aspect-ratio\"><div class=\"wp-block-embed__wrapper\">\n<div class=\"jetpack-video-wrapper\"><iframe loading=\"lazy\" title=\"Ageing with a bleeding disorder: a new chapter\" width=\"500\" height=\"281\" src=\"https:\/\/www.youtube.com\/embed\/0PzyIUpGvWk?feature=oembed\" frameborder=\"0\" allow=\"accelerometer; autoplay; clipboard-write; encrypted-media; gyroscope; picture-in-picture; web-share\" referrerpolicy=\"strict-origin-when-cross-origin\" allowfullscreen><\/iframe><\/div>\n<\/div><\/figure>\n","protected":false},"excerpt":{"rendered":"<p>EHC obilje\u017eava Svjetski dan gerijatrije 2025. lansiranjem projekta &#8220;\u017divjeti dobro, stariti dobro&#8221;, novog sveobuhvatnog jednogodi\u0161njeg projekta koji obuhva\u0107a sve aspekte starenja s poreme\u0107ajem krvarenja. Ova pravovremena inicijativa okuplja vode\u0107e stru\u010dnjake, pacijente i skrbnike. <\/p>\n","protected":false},"author":4,"featured_media":4898,"comment_status":"closed","ping_status":"closed","sticky":false,"template":"","format":"standard","meta":{"_acf_changed":false,"_jetpack_memberships_contains_paid_content":false,"footnotes":""},"categories":[98,55],"tags":[227,229,228,226],"class_list":["post-6186","post","type-post","status-publish","format-standard","has-post-thumbnail","hentry","category-svijest","category-uncategorized-hr","tag-227","tag-projekt","tag-starenje","tag-svjetski-dan-gerijatrije"],"acf":[],"jetpack_featured_media_url":"https:\/\/etngbd86n6b.exactdn.com\/wp-content\/uploads\/2025\/09\/Launch-Blog-Banner.jpg?strip=all&sharp=1","jetpack_sharing_enabled":true,"_links":{"self":[{"href":"https:\/\/www.ehc.eu\/hr\/wp-json\/wp\/v2\/posts\/6186","targetHints":{"allow":["GET"]}}],"collection":[{"href":"https:\/\/www.ehc.eu\/hr\/wp-json\/wp\/v2\/posts"}],"about":[{"href":"https:\/\/www.ehc.eu\/hr\/wp-json\/wp\/v2\/types\/post"}],"author":[{"embeddable":true,"href":"https:\/\/www.ehc.eu\/hr\/wp-json\/wp\/v2\/users\/4"}],"replies":[{"embeddable":true,"href":"https:\/\/www.ehc.eu\/hr\/wp-json\/wp\/v2\/comments?post=6186"}],"version-history":[{"count":1,"href":"https:\/\/www.ehc.eu\/hr\/wp-json\/wp\/v2\/posts\/6186\/revisions"}],"predecessor-version":[{"id":6188,"href":"https:\/\/www.ehc.eu\/hr\/wp-json\/wp\/v2\/posts\/6186\/revisions\/6188"}],"wp:featuredmedia":[{"embeddable":true,"href":"https:\/\/www.ehc.eu\/hr\/wp-json\/wp\/v2\/media\/4898"}],"wp:attachment":[{"href":"https:\/\/www.ehc.eu\/hr\/wp-json\/wp\/v2\/media?parent=6186"}],"wp:term":[{"taxonomy":"category","embeddable":true,"href":"https:\/\/www.ehc.eu\/hr\/wp-json\/wp\/v2\/categories?post=6186"},{"taxonomy":"post_tag","embeddable":true,"href":"https:\/\/www.ehc.eu\/hr\/wp-json\/wp\/v2\/tags?post=6186"}],"curies":[{"name":"wp","href":"https:\/\/api.w.org\/{rel}","templated":true}]}}